{"id":3817,"date":"2025-06-05T03:19:22","date_gmt":"2025-06-05T03:19:22","guid":{"rendered":"https:\/\/lavozdedelicias.com\/?p=3817"},"modified":"2025-06-05T03:19:22","modified_gmt":"2025-06-05T03:19:22","slug":"formulan-imputacion-a-detenido-por-secuestro-expres-y-carjacking","status":"publish","type":"post","link":"https:\/\/lavozdedelicias.com\/index.php\/2025\/06\/05\/formulan-imputacion-a-detenido-por-secuestro-expres-y-carjacking\/","title":{"rendered":"Formulan imputaci\u00f3n a detenido por secuestro expr\u00e9s y \u201ccarjacking\u201d"},"content":{"rendered":"<p>Un Agente del Ministerio P\u00fablico de la Fiscal\u00eda de Distrito Zona Norte, formul\u00f3 imputaci\u00f3n en contra de Lucio V. H., por los delitos de secuestro expr\u00e9s, robo de veh\u00edculo y portaci\u00f3n ilegal de armas de fuego.<\/p>\n<p>En la audiencia inicial est\u00e1 representaci\u00f3n social inform\u00f3 al detenido que se le atribuye posible participaci\u00f3n en hechos ocurridos el pasado viernes 30 de mayo, en una plaza comercial ubicada en el cruce de las calles Santiago y Lince, en Ciudad Ju\u00e1rez.<\/p>\n<p>La investigaci\u00f3n ministerial, establece que el imputado junto con un menor de edad, mediante el uso de armas de fuego, privaron de la libertad a un hombre para despojarlo de su veh\u00edculo y sus pertenencias.<\/p>\n<p>Hecho delictivo que gener\u00f3 un reporte de emergencia que fue atendido por polic\u00edas de la Secretar\u00eda de Seguridad P\u00fablica Municipal quienes detuvieron al presunto agresor en el t\u00e9rmino de la flagrancia, asegur\u00e1ndoles un arma de fuego abastecida con cinco cartuchos \u00fatiles calibre 9mm y el veh\u00edculo propiedad de la v\u00edctima.<\/p>\n<p>En la audiencia inicial, el Juez de Control le impuso la medida cautelar de prisi\u00f3n preventiva y fij\u00f3 para el pr\u00f3ximo viernes 06 de junio, la audiencia de vinculaci\u00f3n o no a proceso penal, en donde se resolver\u00e1 su situaci\u00f3n jur\u00eddica.<\/p>\n<p>Con el trabajo realizado por el Ministerio P\u00fablico de esta representaci\u00f3n social, se busca castigar a los agresores, otorgar justicia y tranquilidad a las v\u00edctimas.<\/p>\n<p>**De acuerdo con las leyes y normas vigentes, el imputado se presume inocente mientras no se declare su responsabilidad mediante sentencia emitida por la autoridad judicial (art\u00edculo 13 del C\u00f3digo Nacional de Procedimientos Penales).<\/p>\n<p><img loading=\"lazy\" decoding=\"async\" class=\"alignnone size-medium wp-image-3818\" src=\"https:\/\/lavozdedelicias.com\/wp-content\/uploads\/2025\/06\/WhatsApp-Image-2025-06-04-at-2.31.34-PM-232x300.jpeg\" alt=\"\" width=\"232\" height=\"300\" srcset=\"https:\/\/lavozdedelicias.com\/wp-content\/uploads\/2025\/06\/WhatsApp-Image-2025-06-04-at-2.31.34-PM-232x300.jpeg 232w, https:\/\/lavozdedelicias.com\/wp-content\/uploads\/2025\/06\/WhatsApp-Image-2025-06-04-at-2.31.34-PM.jpeg 302w\" sizes=\"auto, (max-width: 232px) 100vw, 232px\" \/><\/p>\n","protected":false},"excerpt":{"rendered":"<p>Un Agente del Ministerio P\u00fablico de la Fiscal\u00eda de Distrito Zona Norte, formul\u00f3 imputaci\u00f3n en contra de Lucio V. H., por los delitos de secuestro expr\u00e9s, robo de veh\u00edculo y portaci\u00f3n ilegal de armas de fuego. En la audiencia inicial est\u00e1 representaci\u00f3n social inform\u00f3 al detenido que se le atribuye posible participaci\u00f3n en hechos ocurridos &hellip;<\/p>\n","protected":false},"author":2,"featured_media":3818,"comment_status":"open","ping_status":"closed","sticky":false,"template":"","format":"standard","meta":{"footnotes":""},"categories":[27],"tags":[],"class_list":["post-3817","post","type-post","status-publish","format-standard","has-post-thumbnail","hentry","category-el-estado"],"_links":{"self":[{"href":"https:\/\/lavozdedelicias.com\/index.php\/wp-json\/wp\/v2\/posts\/3817","targetHints":{"allow":["GET"]}}],"collection":[{"href":"https:\/\/lavozdedelicias.com\/index.php\/wp-json\/wp\/v2\/posts"}],"about":[{"href":"https:\/\/lavozdedelicias.com\/index.php\/wp-json\/wp\/v2\/types\/post"}],"author":[{"embeddable":true,"href":"https:\/\/lavozdedelicias.com\/index.php\/wp-json\/wp\/v2\/users\/2"}],"replies":[{"embeddable":true,"href":"https:\/\/lavozdedelicias.com\/index.php\/wp-json\/wp\/v2\/comments?post=3817"}],"version-history":[{"count":1,"href":"https:\/\/lavozdedelicias.com\/index.php\/wp-json\/wp\/v2\/posts\/3817\/revisions"}],"predecessor-version":[{"id":3819,"href":"https:\/\/lavozdedelicias.com\/index.php\/wp-json\/wp\/v2\/posts\/3817\/revisions\/3819"}],"wp:featuredmedia":[{"embeddable":true,"href":"https:\/\/lavozdedelicias.com\/index.php\/wp-json\/wp\/v2\/media\/3818"}],"wp:attachment":[{"href":"https:\/\/lavozdedelicias.com\/index.php\/wp-json\/wp\/v2\/media?parent=3817"}],"wp:term":[{"taxonomy":"category","embeddable":true,"href":"https:\/\/lavozdedelicias.com\/index.php\/wp-json\/wp\/v2\/categories?post=3817"},{"taxonomy":"post_tag","embeddable":true,"href":"https:\/\/lavozdedelicias.com\/index.php\/wp-json\/wp\/v2\/tags?post=3817"}],"curies":[{"name":"wp","href":"https:\/\/api.w.org\/{rel}","templated":true}]}}