{"id":3794,"date":"2025-06-03T17:35:45","date_gmt":"2025-06-03T17:35:45","guid":{"rendered":"https:\/\/lavozdedelicias.com\/?p=3794"},"modified":"2025-06-03T17:35:45","modified_gmt":"2025-06-03T17:35:45","slug":"colocan-un-altar-en-memoria-de-ivanna-a-un-costado-de-la-carretera-federal-45","status":"publish","type":"post","link":"https:\/\/lavozdedelicias.com\/index.php\/2025\/06\/03\/colocan-un-altar-en-memoria-de-ivanna-a-un-costado-de-la-carretera-federal-45\/","title":{"rendered":"COLOCAN UN ALTAR EN MEMORIA DE IVANNA A UN COSTADO DE LA CARRETERA FEDERAL 45"},"content":{"rendered":"<p>En el punto exacto donde ocurri\u00f3 la tragedia, familiares y amigos de Ivanna, una ni\u00f1a de ocho a\u00f1os, colocaron un altar con una cruz de madera, veladoras, flores y un vaso con agua.<\/p>\n<p>El improvisado memorial fue instalado a un costado de la carretera federal n\u00famero 45, como homenaje a su corta vida y como un recordatorio del dolor que su p\u00e9rdida ha dejado en la comunidad.<\/p>\n<p>Ivana falleci\u00f3 d\u00edas atr\u00e1s en un accidente vial en este tramo carretero.<\/p>\n<p>Su recuerdo permanece vivo entre quienes la conocieron, y su familia ha expresado que la intenci\u00f3n del altar no solo es honrar su memoria, sino tambi\u00e9n llamar la atenci\u00f3n sobre los riesgos que representa esta v\u00eda, conocida por su alto flujo vehicular y su historial de accidentes.<\/p>\n<p>Este acto simb\u00f3lico busca generar conciencia entre los conductores y autoridades sobre la importancia de extremar precauciones y mejorar la seguridad vial.<\/p>\n<p>La comunidad, unida en el duelo, ha encontrado en este peque\u00f1o altar un espacio de recogimiento, respeto y reflexi\u00f3n.<\/p>\n<p><img loading=\"lazy\" decoding=\"async\" class=\"alignnone size-medium wp-image-3795\" src=\"https:\/\/lavozdedelicias.com\/wp-content\/uploads\/2025\/06\/IMG-20250603-WA0046-300x169.jpg\" alt=\"\" width=\"300\" height=\"169\" srcset=\"https:\/\/lavozdedelicias.com\/wp-content\/uploads\/2025\/06\/IMG-20250603-WA0046-300x169.jpg 300w, https:\/\/lavozdedelicias.com\/wp-content\/uploads\/2025\/06\/IMG-20250603-WA0046-1024x576.jpg 1024w, https:\/\/lavozdedelicias.com\/wp-content\/uploads\/2025\/06\/IMG-20250603-WA0046-768x432.jpg 768w, https:\/\/lavozdedelicias.com\/wp-content\/uploads\/2025\/06\/IMG-20250603-WA0046-1536x864.jpg 1536w, https:\/\/lavozdedelicias.com\/wp-content\/uploads\/2025\/06\/IMG-20250603-WA0046-2048x1152.jpg 2048w, https:\/\/lavozdedelicias.com\/wp-content\/uploads\/2025\/06\/IMG-20250603-WA0046-390x220.jpg 390w\" sizes=\"auto, (max-width: 300px) 100vw, 300px\" \/> <img loading=\"lazy\" decoding=\"async\" class=\"alignnone size-medium wp-image-3796\" src=\"https:\/\/lavozdedelicias.com\/wp-content\/uploads\/2025\/06\/IMG-20250603-WA0047-300x225.jpg\" alt=\"\" width=\"300\" height=\"225\" srcset=\"https:\/\/lavozdedelicias.com\/wp-content\/uploads\/2025\/06\/IMG-20250603-WA0047-300x225.jpg 300w, https:\/\/lavozdedelicias.com\/wp-content\/uploads\/2025\/06\/IMG-20250603-WA0047-1024x768.jpg 1024w, https:\/\/lavozdedelicias.com\/wp-content\/uploads\/2025\/06\/IMG-20250603-WA0047-768x576.jpg 768w, https:\/\/lavozdedelicias.com\/wp-content\/uploads\/2025\/06\/IMG-20250603-WA0047-1536x1152.jpg 1536w, https:\/\/lavozdedelicias.com\/wp-content\/uploads\/2025\/06\/IMG-20250603-WA0047-2048x1536.jpg 2048w\" sizes=\"auto, (max-width: 300px) 100vw, 300px\" \/><\/p>\n","protected":false},"excerpt":{"rendered":"<p>En el punto exacto donde ocurri\u00f3 la tragedia, familiares y amigos de Ivanna, una ni\u00f1a de ocho a\u00f1os, colocaron un altar con una cruz de madera, veladoras, flores y un vaso con agua. El improvisado memorial fue instalado a un costado de la carretera federal n\u00famero 45, como homenaje a su corta vida y como &hellip;<\/p>\n","protected":false},"author":2,"featured_media":3795,"comment_status":"open","ping_status":"closed","sticky":false,"template":"","format":"standard","meta":{"footnotes":""},"categories":[23],"tags":[],"class_list":["post-3794","post","type-post","status-publish","format-standard","has-post-thumbnail","hentry","category-delicias"],"_links":{"self":[{"href":"https:\/\/lavozdedelicias.com\/index.php\/wp-json\/wp\/v2\/posts\/3794","targetHints":{"allow":["GET"]}}],"collection":[{"href":"https:\/\/lavozdedelicias.com\/index.php\/wp-json\/wp\/v2\/posts"}],"about":[{"href":"https:\/\/lavozdedelicias.com\/index.php\/wp-json\/wp\/v2\/types\/post"}],"author":[{"embeddable":true,"href":"https:\/\/lavozdedelicias.com\/index.php\/wp-json\/wp\/v2\/users\/2"}],"replies":[{"embeddable":true,"href":"https:\/\/lavozdedelicias.com\/index.php\/wp-json\/wp\/v2\/comments?post=3794"}],"version-history":[{"count":1,"href":"https:\/\/lavozdedelicias.com\/index.php\/wp-json\/wp\/v2\/posts\/3794\/revisions"}],"predecessor-version":[{"id":3797,"href":"https:\/\/lavozdedelicias.com\/index.php\/wp-json\/wp\/v2\/posts\/3794\/revisions\/3797"}],"wp:featuredmedia":[{"embeddable":true,"href":"https:\/\/lavozdedelicias.com\/index.php\/wp-json\/wp\/v2\/media\/3795"}],"wp:attachment":[{"href":"https:\/\/lavozdedelicias.com\/index.php\/wp-json\/wp\/v2\/media?parent=3794"}],"wp:term":[{"taxonomy":"category","embeddable":true,"href":"https:\/\/lavozdedelicias.com\/index.php\/wp-json\/wp\/v2\/categories?post=3794"},{"taxonomy":"post_tag","embeddable":true,"href":"https:\/\/lavozdedelicias.com\/index.php\/wp-json\/wp\/v2\/tags?post=3794"}],"curies":[{"name":"wp","href":"https:\/\/api.w.org\/{rel}","templated":true}]}}