{"id":3657,"date":"2025-05-30T21:58:04","date_gmt":"2025-05-30T21:58:04","guid":{"rendered":"https:\/\/lavozdedelicias.com\/?p=3657"},"modified":"2025-05-30T21:58:04","modified_gmt":"2025-05-30T21:58:04","slug":"alberto-del-rio-protagoniza-altercado-en-vivo-durante-programa-matutino","status":"publish","type":"post","link":"https:\/\/lavozdedelicias.com\/index.php\/2025\/05\/30\/alberto-del-rio-protagoniza-altercado-en-vivo-durante-programa-matutino\/","title":{"rendered":"Alberto del R\u00edo protagoniza altercado en vivo durante programa matutino"},"content":{"rendered":"<p data-start=\"77\" data-end=\"233\"><img loading=\"lazy\" decoding=\"async\" class=\"alignnone size-medium wp-image-3658\" src=\"https:\/\/lavozdedelicias.com\/wp-content\/uploads\/2025\/05\/rio-300x159.jpg\" alt=\"\" width=\"300\" height=\"159\" srcset=\"https:\/\/lavozdedelicias.com\/wp-content\/uploads\/2025\/05\/rio-300x159.jpg 300w, https:\/\/lavozdedelicias.com\/wp-content\/uploads\/2025\/05\/rio-1024x542.jpg 1024w, https:\/\/lavozdedelicias.com\/wp-content\/uploads\/2025\/05\/rio-768x407.jpg 768w, https:\/\/lavozdedelicias.com\/wp-content\/uploads\/2025\/05\/rio.jpg 1275w\" sizes=\"auto, (max-width: 300px) 100vw, 300px\" \/><\/p>\n<p data-start=\"77\" data-end=\"233\"><span class=\"relative -mx-px my-[-0.2rem] rounded px-px py-[0.2rem] transition-colors duration-100 ease-in-out\">El reconocido luchador mexicano Alberto del R\u00edo, tambi\u00e9n conocido como \u00abEl Patr\u00f3n\u00bb, gener\u00f3 controversia al protagonizar un incidente durante la transmisi\u00f3n en vivo del programa matutino \u00abVenga la Alegr\u00eda\u00bb el pasado 29 de mayo.<\/span> <span class=\"relative -mx-px my-[-0.2rem] rounded px-px py-[0.2rem] transition-colors duration-100 ease-in-out\">El suceso ocurri\u00f3 mientras promocionaba su pr\u00f3xima pelea contra \u00abEl Hijo del Vikingo\u00bb, programada para el 31 de mayo en el Gimnasio Ol\u00edmpico Juan de la Barrera.<\/span><\/p>\n<p data-start=\"235\" data-end=\"431\"><span class=\"relative -mx-px my-[-0.2rem] rounded px-px py-[0.2rem] transition-colors duration-100 ease-in-out\">Durante la entrevista, la aparici\u00f3n inesperada de King Vikingo, padre de su oponente, provoc\u00f3 una reacci\u00f3n violenta por parte de Del R\u00edo.<\/span> <span class=\"relative -mx-px my-[-0.2rem] rounded px-px py-[0.2rem] transition-colors duration-100 ease-in-out\">El luchador agredi\u00f3 f\u00edsicamente a King Vikingo y a miembros del equipo de producci\u00f3n que intentaron intervenir.<\/span> <span class=\"relative -mx-px my-[-0.2rem] rounded px-px py-[0.2rem] transition-colors duration-100 ease-in-out\">La productora del programa, Mar\u00eda Eugenia Silva, orden\u00f3 la interrupci\u00f3n de la transmisi\u00f3n y solicit\u00f3 la retirada inmediata de Del R\u00edo del set.<\/span><\/p>\n<p data-start=\"433\" data-end=\"591\"><span class=\"relative -mx-px my-[-0.2rem] rounded px-px py-[0.2rem] transition-colors duration-100 ease-in-out\">El incidente fue transmitido en vivo y r\u00e1pidamente se viraliz\u00f3 en redes sociales.<\/span> <span class=\"relative -mx-px my-[-0.2rem] rounded px-px py-[0.2rem] transition-colors duration-100 ease-in-out\">Inicialmente, algunos espectadores consideraron que podr\u00eda tratarse de una estrategia publicitaria; sin embargo, miembros del equipo de producci\u00f3n confirmaron que la agresi\u00f3n no fue planificada y que el comportamiento de Del R\u00edo fue inesperado.<\/span><\/p>\n<p data-start=\"593\" data-end=\"751\"><span class=\"relative -mx-px my-[-0.2rem] rounded px-px py-[0.2rem] transition-colors duration-100 ease-in-out\">Los conductores del programa, Kristal Silva, Kike Mayagoitia y Sergio Sep\u00falveda, expresaron su sorpresa y desaprobaci\u00f3n ante lo ocurrido.<\/span> <span class=\"relative -mx-px my-[-0.2rem] rounded px-px py-[0.2rem] transition-colors duration-100 ease-in-out\">Aseguraron que ning\u00fan miembro del equipo result\u00f3 con lesiones graves y que King Vikingo fue atendido por el personal m\u00e9dico de la empresa, encontr\u00e1ndose en buen estado.<\/span><\/p>\n<p data-start=\"753\" data-end=\"871\"><span class=\"relative -mx-px my-[-0.2rem] rounded px-px py-[0.2rem] transition-colors duration-100 ease-in-out\">Este incidente ha generado un amplio debate en la opini\u00f3n p\u00fablica sobre los l\u00edmites del entretenimiento en televisi\u00f3n en vivo y la responsabilidad de los invitados en programas de este tipo.<\/span> <span class=\"relative -mx-px my-[-0.2rem] rounded px-px py-[0.2rem] transition-colors duration-100 ease-in-out\">Hasta el momento, ni Alberto del R\u00edo ni la empresa de lucha libre AAA han emitido declaraciones oficiales al respecto.<\/span><\/p>\n","protected":false},"excerpt":{"rendered":"<p>El reconocido luchador mexicano Alberto del R\u00edo, tambi\u00e9n conocido como \u00abEl Patr\u00f3n\u00bb, gener\u00f3 controversia al protagonizar un incidente durante la transmisi\u00f3n en vivo del programa matutino \u00abVenga la Alegr\u00eda\u00bb el pasado 29 de mayo. El suceso ocurri\u00f3 mientras promocionaba su pr\u00f3xima pelea contra \u00abEl Hijo del Vikingo\u00bb, programada para el 31 de mayo en el &hellip;<\/p>\n","protected":false},"author":2,"featured_media":3658,"comment_status":"open","ping_status":"closed","sticky":false,"template":"","format":"standard","meta":{"footnotes":""},"categories":[30],"tags":[],"class_list":["post-3657","post","type-post","status-publish","format-standard","has-post-thumbnail","hentry","category-deportes"],"_links":{"self":[{"href":"https:\/\/lavozdedelicias.com\/index.php\/wp-json\/wp\/v2\/posts\/3657","targetHints":{"allow":["GET"]}}],"collection":[{"href":"https:\/\/lavozdedelicias.com\/index.php\/wp-json\/wp\/v2\/posts"}],"about":[{"href":"https:\/\/lavozdedelicias.com\/index.php\/wp-json\/wp\/v2\/types\/post"}],"author":[{"embeddable":true,"href":"https:\/\/lavozdedelicias.com\/index.php\/wp-json\/wp\/v2\/users\/2"}],"replies":[{"embeddable":true,"href":"https:\/\/lavozdedelicias.com\/index.php\/wp-json\/wp\/v2\/comments?post=3657"}],"version-history":[{"count":2,"href":"https:\/\/lavozdedelicias.com\/index.php\/wp-json\/wp\/v2\/posts\/3657\/revisions"}],"predecessor-version":[{"id":3660,"href":"https:\/\/lavozdedelicias.com\/index.php\/wp-json\/wp\/v2\/posts\/3657\/revisions\/3660"}],"wp:featuredmedia":[{"embeddable":true,"href":"https:\/\/lavozdedelicias.com\/index.php\/wp-json\/wp\/v2\/media\/3658"}],"wp:attachment":[{"href":"https:\/\/lavozdedelicias.com\/index.php\/wp-json\/wp\/v2\/media?parent=3657"}],"wp:term":[{"taxonomy":"category","embeddable":true,"href":"https:\/\/lavozdedelicias.com\/index.php\/wp-json\/wp\/v2\/categories?post=3657"},{"taxonomy":"post_tag","embeddable":true,"href":"https:\/\/lavozdedelicias.com\/index.php\/wp-json\/wp\/v2\/tags?post=3657"}],"curies":[{"name":"wp","href":"https:\/\/api.w.org\/{rel}","templated":true}]}}