{"id":3623,"date":"2025-05-17T03:39:52","date_gmt":"2025-05-17T03:39:52","guid":{"rendered":"https:\/\/lavozdedelicias.com\/?p=3623"},"modified":"2025-05-17T03:39:52","modified_gmt":"2025-05-17T03:39:52","slug":"convocan-a-marchas-y-boicot-contra-eleccion-judicial-el-1-de-junio","status":"publish","type":"post","link":"https:\/\/lavozdedelicias.com\/index.php\/2025\/05\/17\/convocan-a-marchas-y-boicot-contra-eleccion-judicial-el-1-de-junio\/","title":{"rendered":"Convocan a marchas y boicot contra elecci\u00f3n judicial el 1 de junio"},"content":{"rendered":"<p>El 1 de junio\u00a0se realizar\u00e1 la elecci\u00f3n de diversos cargos del\u00a0Poder Judicial de la Federaci\u00f3n. A trav\u00e9s de redes sociales, grupos de usuarios convocan a una\u00a0marcha nacional, ese mismo d\u00eda, y llaman a no asistir a las urnas como forma de protesta.<\/p>\n<h2 id=\"h-a-que-hora-y-que-ciudades-marcharan-en-contra-de-eleccion-del-poder-judicial\" class=\"wp-block-heading\">\u00bfA qu\u00e9 hora y que ciudades marchar\u00e1n en contra de elecci\u00f3n del poder judicial?<\/h2>\n<p>Denominado\u00a0<em>#DomingoNegro<\/em>, organizaciones y usuarios de plataformas como\u00a0<em>X<\/em>\u00a0y\u00a0<em>Facebook<\/em>, est\u00e1n llamando a la poblaci\u00f3n a salir a las calles para manifestarse en contra del\u00a0proceso extraordinario\u00a0organizado desde el\u00a0Instituto Nacional Electoral (INE)\u00a0y los institutos locales.<\/p>\n<p>En el caso de la\u00a0Ciudad de M\u00e9xico, de acuerdo con los posts compartidos, la convocatoria es para concentrarse en el \u00c1ngel de la Independencia\u00a0en punto de las 11:00 horas, para posteriormente dar inicio a la marcha.<\/p>\n<div class=\"code-block code-block-1\"><\/div>\n<p>Adem\u00e1s de la CDMX, otras ciudades que\u00a0habr\u00edan confirmado\u00a0su participaci\u00f3n son:<\/p>\n<ul class=\"wp-block-list\">\n<li>Aguascalientes<\/li>\n<li>Guadalajara<\/li>\n<li>Le\u00f3n<\/li>\n<li>Mexicali<\/li>\n<li>Morelia<\/li>\n<li>Monclova<\/li>\n<li>Monterrey<\/li>\n<li>Puebla<\/li>\n<li>Quer\u00e9taro<\/li>\n<li>Tijuana<\/li>\n<\/ul>\n<figure class=\"wp-block-embed is-type-rich is-provider-twitter wp-block-embed-twitter\">\n<div class=\"wp-block-embed__wrapper\">\n<div class=\"amx-core-embed-social\">\n<h2 id=\"h-vicente-fox-llama-a-no-votar\" class=\"wp-block-heading\">Vicente Fox llama a no votar<\/h2>\n<p>El mismo\u00a0expresidente de M\u00e9xico,\u00a0Vicente Fox, ocup\u00f3 su cuenta de\u00a0<em>X<\/em>\u00a0para llamar a no ejercer el voto\u00a0el pr\u00f3ximo 1 de junio, se\u00f1alando que de hacerlo\u00a0<em>\u201cestar\u00e1s legitimando una farsa\u201d<\/em>.<\/p>\n<div class=\"code-block code-block-8\">\n<div class=\"code-block\">Agreg\u00f3 que <em>\u201clos jueces no ofrecen propuestas, no hacen campa\u00f1a, no deben deber favores \u00a1Esto no es democracia, es control absoluto! \u00a1Defendamos el Estado de derecho!\u201d<\/em>.<\/div>\n<div><img loading=\"lazy\" decoding=\"async\" class=\"alignnone size-medium wp-image-3624\" src=\"https:\/\/lavozdedelicias.com\/wp-content\/uploads\/2025\/05\/marcha-poder-judicial-190920-1024x576-1-300x169.jpg\" alt=\"\" width=\"300\" height=\"169\" srcset=\"https:\/\/lavozdedelicias.com\/wp-content\/uploads\/2025\/05\/marcha-poder-judicial-190920-1024x576-1-300x169.jpg 300w, https:\/\/lavozdedelicias.com\/wp-content\/uploads\/2025\/05\/marcha-poder-judicial-190920-1024x576-1-768x432.jpg 768w, https:\/\/lavozdedelicias.com\/wp-content\/uploads\/2025\/05\/marcha-poder-judicial-190920-1024x576-1-390x220.jpg 390w, https:\/\/lavozdedelicias.com\/wp-content\/uploads\/2025\/05\/marcha-poder-judicial-190920-1024x576-1.jpg 1024w\" sizes=\"auto, (max-width: 300px) 100vw, 300px\" \/><\/div>\n<\/div>\n<\/div>\n<\/div>\n<\/figure>\n","protected":false},"excerpt":{"rendered":"<p>El 1 de junio\u00a0se realizar\u00e1 la elecci\u00f3n de diversos cargos del\u00a0Poder Judicial de la Federaci\u00f3n. A trav\u00e9s de redes sociales, grupos de usuarios convocan a una\u00a0marcha nacional, ese mismo d\u00eda, y llaman a no asistir a las urnas como forma de protesta. \u00bfA qu\u00e9 hora y que ciudades marchar\u00e1n en contra de elecci\u00f3n del poder &hellip;<\/p>\n","protected":false},"author":2,"featured_media":3624,"comment_status":"open","ping_status":"closed","sticky":false,"template":"","format":"standard","meta":{"footnotes":""},"categories":[28],"tags":[],"class_list":["post-3623","post","type-post","status-publish","format-standard","has-post-thumbnail","hentry","category-nacionales"],"_links":{"self":[{"href":"https:\/\/lavozdedelicias.com\/index.php\/wp-json\/wp\/v2\/posts\/3623","targetHints":{"allow":["GET"]}}],"collection":[{"href":"https:\/\/lavozdedelicias.com\/index.php\/wp-json\/wp\/v2\/posts"}],"about":[{"href":"https:\/\/lavozdedelicias.com\/index.php\/wp-json\/wp\/v2\/types\/post"}],"author":[{"embeddable":true,"href":"https:\/\/lavozdedelicias.com\/index.php\/wp-json\/wp\/v2\/users\/2"}],"replies":[{"embeddable":true,"href":"https:\/\/lavozdedelicias.com\/index.php\/wp-json\/wp\/v2\/comments?post=3623"}],"version-history":[{"count":1,"href":"https:\/\/lavozdedelicias.com\/index.php\/wp-json\/wp\/v2\/posts\/3623\/revisions"}],"predecessor-version":[{"id":3625,"href":"https:\/\/lavozdedelicias.com\/index.php\/wp-json\/wp\/v2\/posts\/3623\/revisions\/3625"}],"wp:featuredmedia":[{"embeddable":true,"href":"https:\/\/lavozdedelicias.com\/index.php\/wp-json\/wp\/v2\/media\/3624"}],"wp:attachment":[{"href":"https:\/\/lavozdedelicias.com\/index.php\/wp-json\/wp\/v2\/media?parent=3623"}],"wp:term":[{"taxonomy":"category","embeddable":true,"href":"https:\/\/lavozdedelicias.com\/index.php\/wp-json\/wp\/v2\/categories?post=3623"},{"taxonomy":"post_tag","embeddable":true,"href":"https:\/\/lavozdedelicias.com\/index.php\/wp-json\/wp\/v2\/tags?post=3623"}],"curies":[{"name":"wp","href":"https:\/\/api.w.org\/{rel}","templated":true}]}}