{"id":3317,"date":"2025-04-11T03:56:36","date_gmt":"2025-04-11T03:56:36","guid":{"rendered":"https:\/\/lavozdedelicias.com\/?p=3317"},"modified":"2025-04-11T03:56:36","modified_gmt":"2025-04-11T03:56:36","slug":"meoqui-presente-en-el-arranque-regional-del-operativo-semana-santa-segura","status":"publish","type":"post","link":"https:\/\/lavozdedelicias.com\/index.php\/2025\/04\/11\/meoqui-presente-en-el-arranque-regional-del-operativo-semana-santa-segura\/","title":{"rendered":"Meoqui presente en el arranque regional del operativo \u00abSemana Santa Segura\u00bb"},"content":{"rendered":"<p>La alcaldesa de Meoqui Miriam Soto, estuvo presente en el arranque del operativo estatal Semana Santa Segura en la Presa Las V\u00edrgenes, mismo que tiene como objetivo salvaguardar la integridad de las familias locales y visitantes de la Regi\u00f3n Centro-Sur.<\/p>\n<p>Durante el evento, la alcaldesa expres\u00f3 su satisfacci\u00f3n por iniciar estas acciones junto a los alcaldes de los municipios vecinos, directores de Seguridad P\u00fablica Municipal y del estado. \u201cEs fundamental seguir trabajando en equipo, ya que estos d\u00edas implican una alta movilidad por el periodo vacacional\u201d, se\u00f1al\u00f3.<\/p>\n<p>Por su parte, V\u00edctor Orona, director de Seguridad P\u00fablica inform\u00f3 que m\u00e1s de 50 elementos participar\u00e1n activamente en la vigilancia de puntos estrat\u00e9gicos como los laguitos, el r\u00edo y otras zonas de reuni\u00f3n. Subray\u00f3 que este operativo no interfiere con las labores de vigilancia ordinaria.<\/p>\n<p>Agreg\u00f3 que se entregar\u00e1n m\u00e1s de 5 mil volantes preventivos, exhortando a la ciudadan\u00eda a no ingresar a cuerpos de agua, los cuales representan un riesgo, especialmente tras el desgaste del cauce del r\u00edo ocurrido hace dos a\u00f1os.<\/p>\n<p>Adem\u00e1s, se destac\u00f3 la colaboraci\u00f3n estrecha con los municipios de Julimes, Rosales y Delicias para reforzar la cobertura regional de seguridad durante los pr\u00f3ximos d\u00edas jueves, viernes, s\u00e1bado y domingo.<\/p>\n<p><img loading=\"lazy\" decoding=\"async\" class=\"alignnone size-medium wp-image-3318\" src=\"https:\/\/lavozdedelicias.com\/wp-content\/uploads\/2025\/04\/WhatsApp-Image-2025-04-10-at-6.28.58-PM-1-300x169.jpeg\" alt=\"\" width=\"300\" height=\"169\" srcset=\"https:\/\/lavozdedelicias.com\/wp-content\/uploads\/2025\/04\/WhatsApp-Image-2025-04-10-at-6.28.58-PM-1-300x169.jpeg 300w, https:\/\/lavozdedelicias.com\/wp-content\/uploads\/2025\/04\/WhatsApp-Image-2025-04-10-at-6.28.58-PM-1-1024x576.jpeg 1024w, https:\/\/lavozdedelicias.com\/wp-content\/uploads\/2025\/04\/WhatsApp-Image-2025-04-10-at-6.28.58-PM-1-768x432.jpeg 768w, https:\/\/lavozdedelicias.com\/wp-content\/uploads\/2025\/04\/WhatsApp-Image-2025-04-10-at-6.28.58-PM-1-1536x864.jpeg 1536w, https:\/\/lavozdedelicias.com\/wp-content\/uploads\/2025\/04\/WhatsApp-Image-2025-04-10-at-6.28.58-PM-1-390x220.jpeg 390w, https:\/\/lavozdedelicias.com\/wp-content\/uploads\/2025\/04\/WhatsApp-Image-2025-04-10-at-6.28.58-PM-1.jpeg 1600w\" sizes=\"auto, (max-width: 300px) 100vw, 300px\" \/><img loading=\"lazy\" decoding=\"async\" class=\"alignnone size-medium wp-image-3319\" src=\"https:\/\/lavozdedelicias.com\/wp-content\/uploads\/2025\/04\/WhatsApp-Image-2025-04-10-at-8.29.57-PM-1-300x146.jpeg\" alt=\"\" width=\"300\" height=\"146\" srcset=\"https:\/\/lavozdedelicias.com\/wp-content\/uploads\/2025\/04\/WhatsApp-Image-2025-04-10-at-8.29.57-PM-1-300x146.jpeg 300w, https:\/\/lavozdedelicias.com\/wp-content\/uploads\/2025\/04\/WhatsApp-Image-2025-04-10-at-8.29.57-PM-1-1024x498.jpeg 1024w, https:\/\/lavozdedelicias.com\/wp-content\/uploads\/2025\/04\/WhatsApp-Image-2025-04-10-at-8.29.57-PM-1-768x374.jpeg 768w, https:\/\/lavozdedelicias.com\/wp-content\/uploads\/2025\/04\/WhatsApp-Image-2025-04-10-at-8.29.57-PM-1.jpeg 1280w\" sizes=\"auto, (max-width: 300px) 100vw, 300px\" \/><\/p>\n","protected":false},"excerpt":{"rendered":"<p>La alcaldesa de Meoqui Miriam Soto, estuvo presente en el arranque del operativo estatal Semana Santa Segura en la Presa Las V\u00edrgenes, mismo que tiene como objetivo salvaguardar la integridad de las familias locales y visitantes de la Regi\u00f3n Centro-Sur. Durante el evento, la alcaldesa expres\u00f3 su satisfacci\u00f3n por iniciar estas acciones junto a los &hellip;<\/p>\n","protected":false},"author":2,"featured_media":3319,"comment_status":"open","ping_status":"closed","sticky":false,"template":"","format":"standard","meta":{"footnotes":""},"categories":[23,21],"tags":[],"class_list":["post-3317","post","type-post","status-publish","format-standard","has-post-thumbnail","hentry","category-delicias","category-la-region"],"_links":{"self":[{"href":"https:\/\/lavozdedelicias.com\/index.php\/wp-json\/wp\/v2\/posts\/3317","targetHints":{"allow":["GET"]}}],"collection":[{"href":"https:\/\/lavozdedelicias.com\/index.php\/wp-json\/wp\/v2\/posts"}],"about":[{"href":"https:\/\/lavozdedelicias.com\/index.php\/wp-json\/wp\/v2\/types\/post"}],"author":[{"embeddable":true,"href":"https:\/\/lavozdedelicias.com\/index.php\/wp-json\/wp\/v2\/users\/2"}],"replies":[{"embeddable":true,"href":"https:\/\/lavozdedelicias.com\/index.php\/wp-json\/wp\/v2\/comments?post=3317"}],"version-history":[{"count":1,"href":"https:\/\/lavozdedelicias.com\/index.php\/wp-json\/wp\/v2\/posts\/3317\/revisions"}],"predecessor-version":[{"id":3320,"href":"https:\/\/lavozdedelicias.com\/index.php\/wp-json\/wp\/v2\/posts\/3317\/revisions\/3320"}],"wp:featuredmedia":[{"embeddable":true,"href":"https:\/\/lavozdedelicias.com\/index.php\/wp-json\/wp\/v2\/media\/3319"}],"wp:attachment":[{"href":"https:\/\/lavozdedelicias.com\/index.php\/wp-json\/wp\/v2\/media?parent=3317"}],"wp:term":[{"taxonomy":"category","embeddable":true,"href":"https:\/\/lavozdedelicias.com\/index.php\/wp-json\/wp\/v2\/categories?post=3317"},{"taxonomy":"post_tag","embeddable":true,"href":"https:\/\/lavozdedelicias.com\/index.php\/wp-json\/wp\/v2\/tags?post=3317"}],"curies":[{"name":"wp","href":"https:\/\/api.w.org\/{rel}","templated":true}]}}