{"id":2927,"date":"2025-03-07T05:55:59","date_gmt":"2025-03-07T05:55:59","guid":{"rendered":"https:\/\/lavozdedelicias.com\/?p=2927"},"modified":"2025-03-07T05:55:59","modified_gmt":"2025-03-07T05:55:59","slug":"regidores-preparan-reforestacion-en-la-avenida-oscar-flores","status":"publish","type":"post","link":"https:\/\/lavozdedelicias.com\/index.php\/2025\/03\/07\/regidores-preparan-reforestacion-en-la-avenida-oscar-flores\/","title":{"rendered":"Regidores preparan reforestaci\u00f3n en la Avenida \u00d3scar Flores"},"content":{"rendered":"<p>Como parte de la actividad \u00abTu voz cuenta, tu regidor te escucha\u00bb, los regidores Aldo Urz\u00faa, Aar\u00f3n Hern\u00e1ndez, Armando Chavira y \u00d3scar Soltero realizaron ayer perforaciones en el camell\u00f3n central de la Avenida \u00d3scar Flores, esto con el objetivo de preparar el terreno para la reforestaci\u00f3n que se llevar\u00e1 a cabo este s\u00e1bado.<\/p>\n<p>Los regidores explicaron que esta iniciativa responde a una solicitud de los vecinos del sector, quienes han manifestado su preocupaci\u00f3n por la falta de \u00e1rboles en la zona, destacaron que anteriormente el camell\u00f3n contaba con una vegetaci\u00f3n abundante, pero con el paso del tiempo solo han sobrevivido unos pocos pinos.<\/p>\n<p>\u00d3scar Soltero detall\u00f3 que los \u00e1rboles que se plantar\u00e1n son de una especie de pino con crecimiento vertical, lo que significa que no afectar\u00e1 la visibilidad de los conductores.<\/p>\n<p>Adem\u00e1s, se\u00f1al\u00f3 que este tipo de pino requiere poca agua, por lo que es una opci\u00f3n ideal para el clima de la regi\u00f3n.<\/p>\n<p>Los regidores tambi\u00e9n informan que en el camell\u00f3n ya existe una l\u00ednea de riego instalada, por lo que solo ser\u00e1 necesario rehabilitarla para garantizar que los nuevos \u00e1rboles reciban el agua necesaria para su desarrollo, con esto, se busca asegurar que la reforestaci\u00f3n tenga \u00e9xito y se mantenga a largo plazo.<\/p>\n<p>Finalmente, los regidores invitaron a la comunidad a sumarse a estas acciones de recuperaci\u00f3n de espacios verdes, destacando la importancia de mantener las \u00e1reas p\u00fablicas en buenas condiciones, la reforestaci\u00f3n programada para el s\u00e1bado busca mejorar la imagen urbana y contribuir al medio ambiente en beneficio de todos.<\/p>\n<p><img loading=\"lazy\" decoding=\"async\" class=\"alignnone size-medium wp-image-2928\" src=\"https:\/\/lavozdedelicias.com\/wp-content\/uploads\/2025\/03\/IMG_20250306_165703952_HDR-300x226.jpg\" alt=\"\" width=\"300\" height=\"226\" srcset=\"https:\/\/lavozdedelicias.com\/wp-content\/uploads\/2025\/03\/IMG_20250306_165703952_HDR-300x226.jpg 300w, https:\/\/lavozdedelicias.com\/wp-content\/uploads\/2025\/03\/IMG_20250306_165703952_HDR-1024x771.jpg 1024w, https:\/\/lavozdedelicias.com\/wp-content\/uploads\/2025\/03\/IMG_20250306_165703952_HDR-768x578.jpg 768w, https:\/\/lavozdedelicias.com\/wp-content\/uploads\/2025\/03\/IMG_20250306_165703952_HDR-1536x1157.jpg 1536w, https:\/\/lavozdedelicias.com\/wp-content\/uploads\/2025\/03\/IMG_20250306_165703952_HDR-2048x1542.jpg 2048w\" sizes=\"auto, (max-width: 300px) 100vw, 300px\" \/><img loading=\"lazy\" decoding=\"async\" class=\"alignnone size-medium wp-image-2929\" src=\"https:\/\/lavozdedelicias.com\/wp-content\/uploads\/2025\/03\/IMG_20250306_165705511_HDR-300x226.jpg\" alt=\"\" width=\"300\" height=\"226\" srcset=\"https:\/\/lavozdedelicias.com\/wp-content\/uploads\/2025\/03\/IMG_20250306_165705511_HDR-300x226.jpg 300w, https:\/\/lavozdedelicias.com\/wp-content\/uploads\/2025\/03\/IMG_20250306_165705511_HDR-1024x771.jpg 1024w, https:\/\/lavozdedelicias.com\/wp-content\/uploads\/2025\/03\/IMG_20250306_165705511_HDR-768x578.jpg 768w, https:\/\/lavozdedelicias.com\/wp-content\/uploads\/2025\/03\/IMG_20250306_165705511_HDR-1536x1157.jpg 1536w, https:\/\/lavozdedelicias.com\/wp-content\/uploads\/2025\/03\/IMG_20250306_165705511_HDR-2048x1542.jpg 2048w\" sizes=\"auto, (max-width: 300px) 100vw, 300px\" \/><img loading=\"lazy\" decoding=\"async\" class=\"alignnone size-medium wp-image-2930\" src=\"https:\/\/lavozdedelicias.com\/wp-content\/uploads\/2025\/03\/IMG-20250306-WA0211-300x169.jpg\" alt=\"\" width=\"300\" height=\"169\" srcset=\"https:\/\/lavozdedelicias.com\/wp-content\/uploads\/2025\/03\/IMG-20250306-WA0211-300x169.jpg 300w, https:\/\/lavozdedelicias.com\/wp-content\/uploads\/2025\/03\/IMG-20250306-WA0211-1024x576.jpg 1024w, https:\/\/lavozdedelicias.com\/wp-content\/uploads\/2025\/03\/IMG-20250306-WA0211-768x432.jpg 768w, https:\/\/lavozdedelicias.com\/wp-content\/uploads\/2025\/03\/IMG-20250306-WA0211-390x220.jpg 390w, https:\/\/lavozdedelicias.com\/wp-content\/uploads\/2025\/03\/IMG-20250306-WA0211.jpg 1280w\" sizes=\"auto, (max-width: 300px) 100vw, 300px\" \/><\/p>\n","protected":false},"excerpt":{"rendered":"<p>Como parte de la actividad \u00abTu voz cuenta, tu regidor te escucha\u00bb, los regidores Aldo Urz\u00faa, Aar\u00f3n Hern\u00e1ndez, Armando Chavira y \u00d3scar Soltero realizaron ayer perforaciones en el camell\u00f3n central de la Avenida \u00d3scar Flores, esto con el objetivo de preparar el terreno para la reforestaci\u00f3n que se llevar\u00e1 a cabo este s\u00e1bado. Los regidores &hellip;<\/p>\n","protected":false},"author":2,"featured_media":2930,"comment_status":"open","ping_status":"closed","sticky":false,"template":"","format":"standard","meta":{"footnotes":""},"categories":[23],"tags":[],"class_list":["post-2927","post","type-post","status-publish","format-standard","has-post-thumbnail","hentry","category-delicias"],"_links":{"self":[{"href":"https:\/\/lavozdedelicias.com\/index.php\/wp-json\/wp\/v2\/posts\/2927","targetHints":{"allow":["GET"]}}],"collection":[{"href":"https:\/\/lavozdedelicias.com\/index.php\/wp-json\/wp\/v2\/posts"}],"about":[{"href":"https:\/\/lavozdedelicias.com\/index.php\/wp-json\/wp\/v2\/types\/post"}],"author":[{"embeddable":true,"href":"https:\/\/lavozdedelicias.com\/index.php\/wp-json\/wp\/v2\/users\/2"}],"replies":[{"embeddable":true,"href":"https:\/\/lavozdedelicias.com\/index.php\/wp-json\/wp\/v2\/comments?post=2927"}],"version-history":[{"count":1,"href":"https:\/\/lavozdedelicias.com\/index.php\/wp-json\/wp\/v2\/posts\/2927\/revisions"}],"predecessor-version":[{"id":2931,"href":"https:\/\/lavozdedelicias.com\/index.php\/wp-json\/wp\/v2\/posts\/2927\/revisions\/2931"}],"wp:featuredmedia":[{"embeddable":true,"href":"https:\/\/lavozdedelicias.com\/index.php\/wp-json\/wp\/v2\/media\/2930"}],"wp:attachment":[{"href":"https:\/\/lavozdedelicias.com\/index.php\/wp-json\/wp\/v2\/media?parent=2927"}],"wp:term":[{"taxonomy":"category","embeddable":true,"href":"https:\/\/lavozdedelicias.com\/index.php\/wp-json\/wp\/v2\/categories?post=2927"},{"taxonomy":"post_tag","embeddable":true,"href":"https:\/\/lavozdedelicias.com\/index.php\/wp-json\/wp\/v2\/tags?post=2927"}],"curies":[{"name":"wp","href":"https:\/\/api.w.org\/{rel}","templated":true}]}}