{"id":2825,"date":"2025-03-01T01:37:20","date_gmt":"2025-03-01T01:37:20","guid":{"rendered":"https:\/\/lavozdedelicias.com\/?p=2825"},"modified":"2025-03-01T01:37:20","modified_gmt":"2025-03-01T01:37:20","slug":"invitan-al-concurso-de-pintura-arte-con-proposito-en-naica","status":"publish","type":"post","link":"https:\/\/lavozdedelicias.com\/index.php\/2025\/03\/01\/invitan-al-concurso-de-pintura-arte-con-proposito-en-naica\/","title":{"rendered":"Invitan al concurso de pintura &#8216;Arte con Prop\u00f3sito&#8217; en Naica"},"content":{"rendered":"<p>Con el objetivo de fomentar la creatividad y la expresi\u00f3n art\u00edstica de la comunidad, el presidente municipal de Saucillo, Fito Gardea, en coordinaci\u00f3n con la presidencia seccional de Naica y la Compa\u00f1\u00eda Pe\u00f1oles, invitan a la ciudadan\u00eda a participar en el primer concurso local de pintura \u00abArte con Prop\u00f3sito\u00bb.<\/p>\n<p>Este certamen busca conocer las experiencias, valores, cultura, historia y principios de la comunidad de Naica a trav\u00e9s del arte. La convocatoria est\u00e1 dirigida a la comunidad en general y se han establecido diversas categor\u00edas para la participaci\u00f3n.<\/p>\n<p>Bases del concurso:<br \/>\nPodr\u00e1n participar personas de todas las edades en su respectiva categor\u00eda.<br \/>\nLos concursantes podr\u00e1n inscribirse con un solo trabajo.<br \/>\nLas t\u00e9cnicas permitidas son acuarela, pastel, \u00f3leo, acr\u00edlico y t\u00e9cnicas mixtas.<br \/>\nEl formato deber\u00e1 ser de m\u00ednimo tama\u00f1o carta (21&#215;28 cm) y m\u00e1ximo tama\u00f1o cartulina (50&#215;65 cm), en papel, cartoncillo o lienzo.<br \/>\nEn el reverso del trabajo deber\u00e1n incluirse los siguientes datos: t\u00edtulo, t\u00e9cnica, tama\u00f1o, descripci\u00f3n, categor\u00eda, grado y escuela (en caso de aplicar).<br \/>\nLos trabajos podr\u00e1n ser entregados en la direcci\u00f3n de cada escuela y\/o en la presidencia seccional de Naica en horario de oficina.<br \/>\nLa convocatoria queda abierta desde su publicaci\u00f3n y cerrar\u00e1 el 14 de marzo de 2025. Los ganadores ser\u00e1n anunciados el 21 de marzo del mismo a\u00f1o.<\/p>\n<p>Categor\u00edas y tem\u00e1ticas:<br \/>\nPreescolar (1ro a 3ro) \u2013 Ciencia.<br \/>\nPrimaria (1ro a 3ro) \u2013 Ganader\u00eda.<br \/>\nPrimaria (4to a 6to) \u2013 Agricultura.<br \/>\nSecundaria (1ro a 3ro) \u2013 Miner\u00eda.<br \/>\nPreparatoria (1ro a 6to) \u2013 Arte y cultura.<br \/>\nComunidad en general \u2013 Representaciones de Naica.<\/p>\n<p>Premiaci\u00f3n:<br \/>\nPrimer lugar en cada categor\u00eda: Un kit de materiales art\u00edsticos, un reconocimiento, un curso gratuito de muralismo y la oportunidad de participar en la creaci\u00f3n del mural \u00abLa metamorfosis de Naica\u00bb en el Centro Comunitario de Naica.<br \/>\nSegundo y tercer lugar: Reconocimientos y un regalo sorpresa.<\/p>\n<p>Este concurso representa una oportunidad para que los habitantes de Naica expresen su identidad y creatividad a trav\u00e9s del arte, promoviendo el talento local y el sentido de pertenencia a su comunidad.<\/p>\n<p><img loading=\"lazy\" decoding=\"async\" class=\"alignnone size-medium wp-image-2826\" src=\"https:\/\/lavozdedelicias.com\/wp-content\/uploads\/2025\/03\/WhatsApp-Image-2025-02-28-at-1.27.06-PM-194x300.jpeg\" alt=\"\" width=\"194\" height=\"300\" srcset=\"https:\/\/lavozdedelicias.com\/wp-content\/uploads\/2025\/03\/WhatsApp-Image-2025-02-28-at-1.27.06-PM-194x300.jpeg 194w, https:\/\/lavozdedelicias.com\/wp-content\/uploads\/2025\/03\/WhatsApp-Image-2025-02-28-at-1.27.06-PM-662x1024.jpeg 662w, https:\/\/lavozdedelicias.com\/wp-content\/uploads\/2025\/03\/WhatsApp-Image-2025-02-28-at-1.27.06-PM-768x1187.jpeg 768w, https:\/\/lavozdedelicias.com\/wp-content\/uploads\/2025\/03\/WhatsApp-Image-2025-02-28-at-1.27.06-PM-994x1536.jpeg 994w, https:\/\/lavozdedelicias.com\/wp-content\/uploads\/2025\/03\/WhatsApp-Image-2025-02-28-at-1.27.06-PM.jpeg 1035w\" sizes=\"auto, (max-width: 194px) 100vw, 194px\" \/><\/p>\n","protected":false},"excerpt":{"rendered":"<p>Con el objetivo de fomentar la creatividad y la expresi\u00f3n art\u00edstica de la comunidad, el presidente municipal de Saucillo, Fito Gardea, en coordinaci\u00f3n con la presidencia seccional de Naica y la Compa\u00f1\u00eda Pe\u00f1oles, invitan a la ciudadan\u00eda a participar en el primer concurso local de pintura \u00abArte con Prop\u00f3sito\u00bb. Este certamen busca conocer las experiencias, &hellip;<\/p>\n","protected":false},"author":2,"featured_media":2826,"comment_status":"open","ping_status":"closed","sticky":false,"template":"","format":"standard","meta":{"footnotes":""},"categories":[21,25],"tags":[],"class_list":["post-2825","post","type-post","status-publish","format-standard","has-post-thumbnail","hentry","category-la-region","category-saucillo"],"_links":{"self":[{"href":"https:\/\/lavozdedelicias.com\/index.php\/wp-json\/wp\/v2\/posts\/2825","targetHints":{"allow":["GET"]}}],"collection":[{"href":"https:\/\/lavozdedelicias.com\/index.php\/wp-json\/wp\/v2\/posts"}],"about":[{"href":"https:\/\/lavozdedelicias.com\/index.php\/wp-json\/wp\/v2\/types\/post"}],"author":[{"embeddable":true,"href":"https:\/\/lavozdedelicias.com\/index.php\/wp-json\/wp\/v2\/users\/2"}],"replies":[{"embeddable":true,"href":"https:\/\/lavozdedelicias.com\/index.php\/wp-json\/wp\/v2\/comments?post=2825"}],"version-history":[{"count":1,"href":"https:\/\/lavozdedelicias.com\/index.php\/wp-json\/wp\/v2\/posts\/2825\/revisions"}],"predecessor-version":[{"id":2827,"href":"https:\/\/lavozdedelicias.com\/index.php\/wp-json\/wp\/v2\/posts\/2825\/revisions\/2827"}],"wp:featuredmedia":[{"embeddable":true,"href":"https:\/\/lavozdedelicias.com\/index.php\/wp-json\/wp\/v2\/media\/2826"}],"wp:attachment":[{"href":"https:\/\/lavozdedelicias.com\/index.php\/wp-json\/wp\/v2\/media?parent=2825"}],"wp:term":[{"taxonomy":"category","embeddable":true,"href":"https:\/\/lavozdedelicias.com\/index.php\/wp-json\/wp\/v2\/categories?post=2825"},{"taxonomy":"post_tag","embeddable":true,"href":"https:\/\/lavozdedelicias.com\/index.php\/wp-json\/wp\/v2\/tags?post=2825"}],"curies":[{"name":"wp","href":"https:\/\/api.w.org\/{rel}","templated":true}]}}