{"id":2760,"date":"2025-02-27T03:17:44","date_gmt":"2025-02-27T03:17:44","guid":{"rendered":"https:\/\/lavozdedelicias.com\/?p=2760"},"modified":"2025-02-27T03:17:44","modified_gmt":"2025-02-27T03:17:44","slug":"vinculan-a-proceso-a-dos-imputados-por-lesiones-cometidas-a-clientes-de-un-bar-de-camargo","status":"publish","type":"post","link":"https:\/\/lavozdedelicias.com\/index.php\/2025\/02\/27\/vinculan-a-proceso-a-dos-imputados-por-lesiones-cometidas-a-clientes-de-un-bar-de-camargo\/","title":{"rendered":"Vinculan a proceso a dos imputados por lesiones cometidas a clientes de un bar de Camargo"},"content":{"rendered":"<p>La Unidad de Investigaci\u00f3n y Persecuci\u00f3n del Delito de la Fiscal\u00eda de Distrito Zona Centro, en el municipio de Camargo, obtuvo autos de vinculaci\u00f3n a proceso en contra de dos imputados por los delitos de lesiones, cometidos en diferentes hechos al interior del bar de la ciudad.<\/p>\n<p>La imputaci\u00f3n en contra de Marcos Eli B. F., establece que el d\u00eda 13 de febrero de 2025, lesion\u00f3 con una navaja a tres masculinos que se encontraban en el bar ubicado en la calle Francisco Sarabia de la colonia Centro.<\/p>\n<p>Mientras que, la imputaci\u00f3n en contra de Luis Enrique R. M., establece que el 16 de febrero del a\u00f1o en curso lesion\u00f3 en el cuello a la v\u00edctima con un objeto punzo cortante.<\/p>\n<p>Ambos imputados fueron detenidos en el t\u00e9rmino de la flagrancia por elementos de la Polic\u00eda Municipal y puestos a disposici\u00f3n de agentes del Ministerio P\u00fablico que integraron las carpetas de investigaci\u00f3n y judicializaron las causas penales ante Jueces de Control del Distrito Judicial Camargo.<\/p>\n<p>En el caso del imputado Marcos Eli B. F., enfrentar\u00e1 su situaci\u00f3n jur\u00eddica bajo la medida cautelar de prisi\u00f3n preventiva.<\/p>\n<p>**De acuerdo con las leyes y normas vigentes, los imputados se presumen inocentes mientras no se declare su responsabilidad mediante sentencia emitida por la autoridad judicial (art\u00edculo 13 del C\u00f3digo Nacional de Procedimientos Penales).<\/p>\n<p><img loading=\"lazy\" decoding=\"async\" class=\"alignnone size-medium wp-image-2761\" src=\"https:\/\/lavozdedelicias.com\/wp-content\/uploads\/2025\/02\/WhatsApp-Image-2025-02-26-at-5.34.15-PM-1-300x290.jpeg\" alt=\"\" width=\"300\" height=\"290\" srcset=\"https:\/\/lavozdedelicias.com\/wp-content\/uploads\/2025\/02\/WhatsApp-Image-2025-02-26-at-5.34.15-PM-1-300x290.jpeg 300w, https:\/\/lavozdedelicias.com\/wp-content\/uploads\/2025\/02\/WhatsApp-Image-2025-02-26-at-5.34.15-PM-1.jpeg 666w\" sizes=\"auto, (max-width: 300px) 100vw, 300px\" \/> <img loading=\"lazy\" decoding=\"async\" class=\"alignnone size-medium wp-image-2762\" src=\"https:\/\/lavozdedelicias.com\/wp-content\/uploads\/2025\/02\/WhatsApp-Image-2025-02-26-at-5.34.15-PM-300x296.jpeg\" alt=\"\" width=\"300\" height=\"296\" srcset=\"https:\/\/lavozdedelicias.com\/wp-content\/uploads\/2025\/02\/WhatsApp-Image-2025-02-26-at-5.34.15-PM-300x296.jpeg 300w, https:\/\/lavozdedelicias.com\/wp-content\/uploads\/2025\/02\/WhatsApp-Image-2025-02-26-at-5.34.15-PM.jpeg 555w\" sizes=\"auto, (max-width: 300px) 100vw, 300px\" \/><\/p>\n","protected":false},"excerpt":{"rendered":"<p>La Unidad de Investigaci\u00f3n y Persecuci\u00f3n del Delito de la Fiscal\u00eda de Distrito Zona Centro, en el municipio de Camargo, obtuvo autos de vinculaci\u00f3n a proceso en contra de dos imputados por los delitos de lesiones, cometidos en diferentes hechos al interior del bar de la ciudad. La imputaci\u00f3n en contra de Marcos Eli B. &hellip;<\/p>\n","protected":false},"author":2,"featured_media":2761,"comment_status":"open","ping_status":"closed","sticky":false,"template":"","format":"standard","meta":{"footnotes":""},"categories":[27],"tags":[],"class_list":["post-2760","post","type-post","status-publish","format-standard","has-post-thumbnail","hentry","category-el-estado"],"_links":{"self":[{"href":"https:\/\/lavozdedelicias.com\/index.php\/wp-json\/wp\/v2\/posts\/2760","targetHints":{"allow":["GET"]}}],"collection":[{"href":"https:\/\/lavozdedelicias.com\/index.php\/wp-json\/wp\/v2\/posts"}],"about":[{"href":"https:\/\/lavozdedelicias.com\/index.php\/wp-json\/wp\/v2\/types\/post"}],"author":[{"embeddable":true,"href":"https:\/\/lavozdedelicias.com\/index.php\/wp-json\/wp\/v2\/users\/2"}],"replies":[{"embeddable":true,"href":"https:\/\/lavozdedelicias.com\/index.php\/wp-json\/wp\/v2\/comments?post=2760"}],"version-history":[{"count":1,"href":"https:\/\/lavozdedelicias.com\/index.php\/wp-json\/wp\/v2\/posts\/2760\/revisions"}],"predecessor-version":[{"id":2763,"href":"https:\/\/lavozdedelicias.com\/index.php\/wp-json\/wp\/v2\/posts\/2760\/revisions\/2763"}],"wp:featuredmedia":[{"embeddable":true,"href":"https:\/\/lavozdedelicias.com\/index.php\/wp-json\/wp\/v2\/media\/2761"}],"wp:attachment":[{"href":"https:\/\/lavozdedelicias.com\/index.php\/wp-json\/wp\/v2\/media?parent=2760"}],"wp:term":[{"taxonomy":"category","embeddable":true,"href":"https:\/\/lavozdedelicias.com\/index.php\/wp-json\/wp\/v2\/categories?post=2760"},{"taxonomy":"post_tag","embeddable":true,"href":"https:\/\/lavozdedelicias.com\/index.php\/wp-json\/wp\/v2\/tags?post=2760"}],"curies":[{"name":"wp","href":"https:\/\/api.w.org\/{rel}","templated":true}]}}