{"id":2673,"date":"2025-02-24T03:50:58","date_gmt":"2025-02-24T03:50:58","guid":{"rendered":"https:\/\/lavozdedelicias.com\/?p=2673"},"modified":"2025-02-24T03:50:58","modified_gmt":"2025-02-24T03:50:58","slug":"capacitacion-en-salud-mental-para-psicologos-de-la-red-de-terapeutas-de-delicias","status":"publish","type":"post","link":"https:\/\/lavozdedelicias.com\/index.php\/2025\/02\/24\/capacitacion-en-salud-mental-para-psicologos-de-la-red-de-terapeutas-de-delicias\/","title":{"rendered":"Capacitaci\u00f3n en Salud Mental para Psic\u00f3logos de la Red de Terapeutas de Delicias"},"content":{"rendered":"<p>Los psic\u00f3logos de la Red de Terapeutas del Gobierno Municipal participaron en el curso \u201cCuidado de la Salud Mental del Psic\u00f3logo\u201d, dise\u00f1ado para que estos especialistas puedan atender su propia salud mental tras enfrentar diariamente complejas problem\u00e1ticas en el \u00e1rea.<\/p>\n<p>La coordinadora de Salud en Delicias, Francisca Mercado \u00c1vila, dio a conocer la iniciativa y record\u00f3 la crucial labor que desempe\u00f1an estos profesionales al atender casos de intentos de suicidio que llegan al 911. Seg\u00fan sus palabras, la constante exposici\u00f3n a situaciones cr\u00edticas requiere que los terapeutas tambi\u00e9n se cuiden.<\/p>\n<p>Explic\u00f3 que en estos casos los agentes de Seguridad P\u00fablica inician con la contenci\u00f3n mientras se espera la llegada del psic\u00f3logo de guardia, garantizando una respuesta inmediata y oportuna ante cada reporte recibido.<\/p>\n<p>Con una duraci\u00f3n de cinco horas, el taller se realiz\u00f3 en las instalaciones del CEDH, respondiendo a la necesidad de reforzar el autocuidado y la resiliencia emocional de los especialistas que, al atender situaciones de alta exigencia, tambi\u00e9n resultan afectados en su salud mental.<\/p>\n<p>Detall\u00f3 que el presidente municipal, Jes\u00fas Valenciano Garc\u00eda, estuvo presente durante el evento y felicit\u00f3 a los profesionales por el excelente trabajo realizado, subrayando la importancia de apoyar y capacitar constantemente a los integrantes de la Red de Terapeutas.<\/p>\n<p>Adem\u00e1s, se destac\u00f3 un reciente caso en el que la intervenci\u00f3n oportuna de la red permiti\u00f3 evitar el intento de suicidio de una joven mujer, reafirmando el impacto positivo y la eficacia de esta labor en la comunidad.<\/p>\n<p><img loading=\"lazy\" decoding=\"async\" class=\"alignnone size-medium wp-image-2674\" src=\"https:\/\/lavozdedelicias.com\/wp-content\/uploads\/2025\/02\/WhatsApp-Image-2025-02-22-at-1.12.19-PM-300x200.jpeg\" alt=\"\" width=\"300\" height=\"200\" srcset=\"https:\/\/lavozdedelicias.com\/wp-content\/uploads\/2025\/02\/WhatsApp-Image-2025-02-22-at-1.12.19-PM-300x200.jpeg 300w, https:\/\/lavozdedelicias.com\/wp-content\/uploads\/2025\/02\/WhatsApp-Image-2025-02-22-at-1.12.19-PM-1024x682.jpeg 1024w, https:\/\/lavozdedelicias.com\/wp-content\/uploads\/2025\/02\/WhatsApp-Image-2025-02-22-at-1.12.19-PM-768x512.jpeg 768w, https:\/\/lavozdedelicias.com\/wp-content\/uploads\/2025\/02\/WhatsApp-Image-2025-02-22-at-1.12.19-PM-1536x1023.jpeg 1536w, https:\/\/lavozdedelicias.com\/wp-content\/uploads\/2025\/02\/WhatsApp-Image-2025-02-22-at-1.12.19-PM.jpeg 1600w\" sizes=\"auto, (max-width: 300px) 100vw, 300px\" \/><\/p>\n","protected":false},"excerpt":{"rendered":"<p>Los psic\u00f3logos de la Red de Terapeutas del Gobierno Municipal participaron en el curso \u201cCuidado de la Salud Mental del Psic\u00f3logo\u201d, dise\u00f1ado para que estos especialistas puedan atender su propia salud mental tras enfrentar diariamente complejas problem\u00e1ticas en el \u00e1rea. La coordinadora de Salud en Delicias, Francisca Mercado \u00c1vila, dio a conocer la iniciativa y &hellip;<\/p>\n","protected":false},"author":2,"featured_media":2674,"comment_status":"open","ping_status":"closed","sticky":false,"template":"","format":"standard","meta":{"footnotes":""},"categories":[23],"tags":[],"class_list":["post-2673","post","type-post","status-publish","format-standard","has-post-thumbnail","hentry","category-delicias"],"_links":{"self":[{"href":"https:\/\/lavozdedelicias.com\/index.php\/wp-json\/wp\/v2\/posts\/2673","targetHints":{"allow":["GET"]}}],"collection":[{"href":"https:\/\/lavozdedelicias.com\/index.php\/wp-json\/wp\/v2\/posts"}],"about":[{"href":"https:\/\/lavozdedelicias.com\/index.php\/wp-json\/wp\/v2\/types\/post"}],"author":[{"embeddable":true,"href":"https:\/\/lavozdedelicias.com\/index.php\/wp-json\/wp\/v2\/users\/2"}],"replies":[{"embeddable":true,"href":"https:\/\/lavozdedelicias.com\/index.php\/wp-json\/wp\/v2\/comments?post=2673"}],"version-history":[{"count":1,"href":"https:\/\/lavozdedelicias.com\/index.php\/wp-json\/wp\/v2\/posts\/2673\/revisions"}],"predecessor-version":[{"id":2675,"href":"https:\/\/lavozdedelicias.com\/index.php\/wp-json\/wp\/v2\/posts\/2673\/revisions\/2675"}],"wp:featuredmedia":[{"embeddable":true,"href":"https:\/\/lavozdedelicias.com\/index.php\/wp-json\/wp\/v2\/media\/2674"}],"wp:attachment":[{"href":"https:\/\/lavozdedelicias.com\/index.php\/wp-json\/wp\/v2\/media?parent=2673"}],"wp:term":[{"taxonomy":"category","embeddable":true,"href":"https:\/\/lavozdedelicias.com\/index.php\/wp-json\/wp\/v2\/categories?post=2673"},{"taxonomy":"post_tag","embeddable":true,"href":"https:\/\/lavozdedelicias.com\/index.php\/wp-json\/wp\/v2\/tags?post=2673"}],"curies":[{"name":"wp","href":"https:\/\/api.w.org\/{rel}","templated":true}]}}