{"id":2524,"date":"2025-02-19T07:42:43","date_gmt":"2025-02-19T07:42:43","guid":{"rendered":"https:\/\/lavozdedelicias.com\/?p=2524"},"modified":"2025-02-19T07:42:43","modified_gmt":"2025-02-19T07:42:43","slug":"refuerzan-la-lucha-contra-el-bullying-en-saucillo","status":"publish","type":"post","link":"https:\/\/lavozdedelicias.com\/index.php\/2025\/02\/19\/refuerzan-la-lucha-contra-el-bullying-en-saucillo\/","title":{"rendered":"Refuerzan la lucha contra el bullying en Saucillo"},"content":{"rendered":"<p>En un esfuerzo por fortalecer la convivencia escolar y fomentar un entorno seguro para la ni\u00f1ez, el presidente municipal de Saucillo, Fito Gardea, a trav\u00e9s del Sistema de Protecci\u00f3n Integral de Ni\u00f1as, Ni\u00f1os y Adolescentes (Sipinna) Saucillo, inici\u00f3 una serie de pl\u00e1ticas dirigidas a padres y madres de familia sobre la prevenci\u00f3n del bullying.<\/p>\n<p>El arranque de estas actividades se llev\u00f3 a cabo en la escuela primaria Howard F. Keller de la comunidad de Naica, donde se destac\u00f3 la importancia de la comunicaci\u00f3n y el trabajo conjunto entre padres, docentes y autoridades para erradicar este problema que afecta el desarrollo emocional y social de los menores.<\/p>\n<p>\u201cEs fundamental que como sociedad tomemos conciencia sobre el impacto del bullying y trabajemos juntos para prevenirlo. Desde el Gobierno Municipal estamos comprometidos en generar espacios seguros para nuestras ni\u00f1as y ni\u00f1os\u201d, expres\u00f3 el alcalde Fito Gardea durante su participaci\u00f3n.<\/p>\n<p>La iniciativa contempla no solo la capacitaci\u00f3n de los padres y madres de familia, sino tambi\u00e9n la atenci\u00f3n directa al alumnado, a fin de generar un impacto integral en la comunidad escolar. Las pl\u00e1ticas continuar\u00e1n hasta cubrir a toda la poblaci\u00f3n estudiantil de la instituci\u00f3n, con la intenci\u00f3n de replicar este programa en otras escuelas del municipio.<\/p>\n<p>Autoridades municipales destacaron que el Sipinna Saucillo continuar\u00e1 promoviendo actividades que fortalezcan el bienestar de la ni\u00f1ez y adolescencia, reforzando valores como el respeto, la empat\u00eda y la tolerancia en las instituciones educativas.<\/p>\n<p><img loading=\"lazy\" decoding=\"async\" class=\"alignnone size-medium wp-image-2526\" src=\"https:\/\/lavozdedelicias.com\/wp-content\/uploads\/2025\/02\/IMG-20250218-WA0071-300x225.jpg\" alt=\"\" width=\"300\" height=\"225\" srcset=\"https:\/\/lavozdedelicias.com\/wp-content\/uploads\/2025\/02\/IMG-20250218-WA0071-300x225.jpg 300w, https:\/\/lavozdedelicias.com\/wp-content\/uploads\/2025\/02\/IMG-20250218-WA0071-768x576.jpg 768w, https:\/\/lavozdedelicias.com\/wp-content\/uploads\/2025\/02\/IMG-20250218-WA0071.jpg 817w\" sizes=\"auto, (max-width: 300px) 100vw, 300px\" \/><\/p>\n<p>&nbsp;<\/p>\n","protected":false},"excerpt":{"rendered":"<p>En un esfuerzo por fortalecer la convivencia escolar y fomentar un entorno seguro para la ni\u00f1ez, el presidente municipal de Saucillo, Fito Gardea, a trav\u00e9s del Sistema de Protecci\u00f3n Integral de Ni\u00f1as, Ni\u00f1os y Adolescentes (Sipinna) Saucillo, inici\u00f3 una serie de pl\u00e1ticas dirigidas a padres y madres de familia sobre la prevenci\u00f3n del bullying. El &hellip;<\/p>\n","protected":false},"author":2,"featured_media":2526,"comment_status":"open","ping_status":"closed","sticky":false,"template":"","format":"standard","meta":{"footnotes":""},"categories":[21,25],"tags":[],"class_list":["post-2524","post","type-post","status-publish","format-standard","has-post-thumbnail","hentry","category-la-region","category-saucillo"],"_links":{"self":[{"href":"https:\/\/lavozdedelicias.com\/index.php\/wp-json\/wp\/v2\/posts\/2524","targetHints":{"allow":["GET"]}}],"collection":[{"href":"https:\/\/lavozdedelicias.com\/index.php\/wp-json\/wp\/v2\/posts"}],"about":[{"href":"https:\/\/lavozdedelicias.com\/index.php\/wp-json\/wp\/v2\/types\/post"}],"author":[{"embeddable":true,"href":"https:\/\/lavozdedelicias.com\/index.php\/wp-json\/wp\/v2\/users\/2"}],"replies":[{"embeddable":true,"href":"https:\/\/lavozdedelicias.com\/index.php\/wp-json\/wp\/v2\/comments?post=2524"}],"version-history":[{"count":1,"href":"https:\/\/lavozdedelicias.com\/index.php\/wp-json\/wp\/v2\/posts\/2524\/revisions"}],"predecessor-version":[{"id":2527,"href":"https:\/\/lavozdedelicias.com\/index.php\/wp-json\/wp\/v2\/posts\/2524\/revisions\/2527"}],"wp:featuredmedia":[{"embeddable":true,"href":"https:\/\/lavozdedelicias.com\/index.php\/wp-json\/wp\/v2\/media\/2526"}],"wp:attachment":[{"href":"https:\/\/lavozdedelicias.com\/index.php\/wp-json\/wp\/v2\/media?parent=2524"}],"wp:term":[{"taxonomy":"category","embeddable":true,"href":"https:\/\/lavozdedelicias.com\/index.php\/wp-json\/wp\/v2\/categories?post=2524"},{"taxonomy":"post_tag","embeddable":true,"href":"https:\/\/lavozdedelicias.com\/index.php\/wp-json\/wp\/v2\/tags?post=2524"}],"curies":[{"name":"wp","href":"https:\/\/api.w.org\/{rel}","templated":true}]}}