{"id":2392,"date":"2025-02-15T04:42:47","date_gmt":"2025-02-15T04:42:47","guid":{"rendered":"https:\/\/lavozdedelicias.com\/?p=2392"},"modified":"2025-02-15T04:42:47","modified_gmt":"2025-02-15T04:42:47","slug":"vinculan-a-proceso-a-cuatro-imputados-por-homicidio","status":"publish","type":"post","link":"https:\/\/lavozdedelicias.com\/index.php\/2025\/02\/15\/vinculan-a-proceso-a-cuatro-imputados-por-homicidio\/","title":{"rendered":"Vinculan a proceso a cuatro imputados por homicidio"},"content":{"rendered":"<p>La Fiscal\u00eda de Distrito Zona Norte, logr\u00f3 la vinculaci\u00f3n a proceso de los imputados Mario A. G., Leonardo Antonio C. R., \u00c1ngel Alejandro P. R. y Edgar David E. E. por el delito de homicidio calificado, cometido a un masculino la colonia Ladrilleros y Caleros, de Ciudad Ju\u00e1rez<\/p>\n<p>Durante la audiencia, el agente del Ministerio P\u00fablico expuso datos de prueba convincentes para acreditar la probable responsabilidad de los imputados por los hechos ocurridos durante la noche del 29 y madrugada de 30 de enero de 2025.<\/p>\n<p>Las investigaciones ministeriales establecieron que la v\u00edctima fue golpeada por los imputados dentro de una vivienda ubicada en la calle Felipe \u00c1ngeles y que de ah\u00ed la trasladaron en un autom\u00f3vil hasta el cruce de las calles Lorenzo Bracamontes y Pascual Orozco, de la misma colonia.<\/p>\n<p>En ese lugar, dejaron a la v\u00edctima dentro del veh\u00edculo que incendiaron, provocando el fallecimiento por intoxicaci\u00f3n por inhalaci\u00f3n de mon\u00f3xido de carbono.<\/p>\n<p>Personal de la Unidad Especializada en Investigaci\u00f3n de Delitos Contra la Vida, consigui\u00f3 que un Juez de Control obsequiara las \u00f3rdenes de aprehensi\u00f3n con la que se detuvo a los cuatro imputados.<\/p>\n<p>El Juez de Control conocedor de la causa penal resolvi\u00f3 la situaci\u00f3n jur\u00eddica de los imputados, quienes permanecer\u00e1n bajo la medida cautelar de prisi\u00f3n preventiva, asimismo fij\u00f3 un plazo de tres meses para el cierre de la investigaci\u00f3n complementaria.<\/p>\n<p>El trabajo realizado por esta representaci\u00f3n social, busca adem\u00e1s de sancionar a los agresores, brindar tranquilidad y certeza a las v\u00edctimas a trav\u00e9s de la procuraci\u00f3n de justicia.<\/p>\n<p>***De acuerdo con las leyes y normas vigentes, los imputados se presumen inocentes mientras no se declare su responsabilidad mediante sentencia emitida por la autoridad judicial (art\u00edculo 13 del C\u00f3digo Nacional de Procedimientos Penales).<\/p>\n<p><img loading=\"lazy\" decoding=\"async\" class=\"alignnone size-medium wp-image-2393\" src=\"https:\/\/lavozdedelicias.com\/wp-content\/uploads\/2025\/02\/IMG-20250214-WA0141-170x300.jpg\" alt=\"\" width=\"170\" height=\"300\" srcset=\"https:\/\/lavozdedelicias.com\/wp-content\/uploads\/2025\/02\/IMG-20250214-WA0141-170x300.jpg 170w, https:\/\/lavozdedelicias.com\/wp-content\/uploads\/2025\/02\/IMG-20250214-WA0141-581x1024.jpg 581w, https:\/\/lavozdedelicias.com\/wp-content\/uploads\/2025\/02\/IMG-20250214-WA0141.jpg 726w\" sizes=\"auto, (max-width: 170px) 100vw, 170px\" \/><img loading=\"lazy\" decoding=\"async\" class=\"alignnone size-medium wp-image-2394\" src=\"https:\/\/lavozdedelicias.com\/wp-content\/uploads\/2025\/02\/IMG-20250214-WA0139-290x300.jpg\" alt=\"\" width=\"290\" height=\"300\" srcset=\"https:\/\/lavozdedelicias.com\/wp-content\/uploads\/2025\/02\/IMG-20250214-WA0139-290x300.jpg 290w, https:\/\/lavozdedelicias.com\/wp-content\/uploads\/2025\/02\/IMG-20250214-WA0139.jpg 677w\" sizes=\"auto, (max-width: 290px) 100vw, 290px\" \/><img loading=\"lazy\" decoding=\"async\" class=\"alignnone size-medium wp-image-2395\" src=\"https:\/\/lavozdedelicias.com\/wp-content\/uploads\/2025\/02\/IMG-20250214-WA0140-221x300.jpg\" alt=\"\" width=\"221\" height=\"300\" srcset=\"https:\/\/lavozdedelicias.com\/wp-content\/uploads\/2025\/02\/IMG-20250214-WA0140-221x300.jpg 221w, https:\/\/lavozdedelicias.com\/wp-content\/uploads\/2025\/02\/IMG-20250214-WA0140.jpg 750w\" sizes=\"auto, (max-width: 221px) 100vw, 221px\" \/><img loading=\"lazy\" decoding=\"async\" class=\"alignnone size-medium wp-image-2396\" src=\"https:\/\/lavozdedelicias.com\/wp-content\/uploads\/2025\/02\/IMG-20250214-WA0138-234x300.jpg\" alt=\"\" width=\"234\" height=\"300\" srcset=\"https:\/\/lavozdedelicias.com\/wp-content\/uploads\/2025\/02\/IMG-20250214-WA0138-234x300.jpg 234w, https:\/\/lavozdedelicias.com\/wp-content\/uploads\/2025\/02\/IMG-20250214-WA0138-800x1024.jpg 800w, https:\/\/lavozdedelicias.com\/wp-content\/uploads\/2025\/02\/IMG-20250214-WA0138-768x983.jpg 768w, https:\/\/lavozdedelicias.com\/wp-content\/uploads\/2025\/02\/IMG-20250214-WA0138.jpg 1000w\" sizes=\"auto, (max-width: 234px) 100vw, 234px\" \/><\/p>\n","protected":false},"excerpt":{"rendered":"<p>La Fiscal\u00eda de Distrito Zona Norte, logr\u00f3 la vinculaci\u00f3n a proceso de los imputados Mario A. G., Leonardo Antonio C. R., \u00c1ngel Alejandro P. R. y Edgar David E. E. por el delito de homicidio calificado, cometido a un masculino la colonia Ladrilleros y Caleros, de Ciudad Ju\u00e1rez Durante la audiencia, el agente del Ministerio &hellip;<\/p>\n","protected":false},"author":2,"featured_media":2393,"comment_status":"open","ping_status":"closed","sticky":false,"template":"","format":"standard","meta":{"footnotes":""},"categories":[27],"tags":[],"class_list":["post-2392","post","type-post","status-publish","format-standard","has-post-thumbnail","hentry","category-el-estado"],"_links":{"self":[{"href":"https:\/\/lavozdedelicias.com\/index.php\/wp-json\/wp\/v2\/posts\/2392","targetHints":{"allow":["GET"]}}],"collection":[{"href":"https:\/\/lavozdedelicias.com\/index.php\/wp-json\/wp\/v2\/posts"}],"about":[{"href":"https:\/\/lavozdedelicias.com\/index.php\/wp-json\/wp\/v2\/types\/post"}],"author":[{"embeddable":true,"href":"https:\/\/lavozdedelicias.com\/index.php\/wp-json\/wp\/v2\/users\/2"}],"replies":[{"embeddable":true,"href":"https:\/\/lavozdedelicias.com\/index.php\/wp-json\/wp\/v2\/comments?post=2392"}],"version-history":[{"count":1,"href":"https:\/\/lavozdedelicias.com\/index.php\/wp-json\/wp\/v2\/posts\/2392\/revisions"}],"predecessor-version":[{"id":2397,"href":"https:\/\/lavozdedelicias.com\/index.php\/wp-json\/wp\/v2\/posts\/2392\/revisions\/2397"}],"wp:featuredmedia":[{"embeddable":true,"href":"https:\/\/lavozdedelicias.com\/index.php\/wp-json\/wp\/v2\/media\/2393"}],"wp:attachment":[{"href":"https:\/\/lavozdedelicias.com\/index.php\/wp-json\/wp\/v2\/media?parent=2392"}],"wp:term":[{"taxonomy":"category","embeddable":true,"href":"https:\/\/lavozdedelicias.com\/index.php\/wp-json\/wp\/v2\/categories?post=2392"},{"taxonomy":"post_tag","embeddable":true,"href":"https:\/\/lavozdedelicias.com\/index.php\/wp-json\/wp\/v2\/tags?post=2392"}],"curies":[{"name":"wp","href":"https:\/\/api.w.org\/{rel}","templated":true}]}}