{"id":2382,"date":"2025-02-15T02:51:25","date_gmt":"2025-02-15T02:51:25","guid":{"rendered":"https:\/\/lavozdedelicias.com\/?p=2382"},"modified":"2025-02-15T02:51:25","modified_gmt":"2025-02-15T02:51:25","slug":"recibimos-capacitacion-en-ciudad-juarez-llevamos-buen-numero-de-afiliados-aldo-urzua","status":"publish","type":"post","link":"https:\/\/lavozdedelicias.com\/index.php\/2025\/02\/15\/recibimos-capacitacion-en-ciudad-juarez-llevamos-buen-numero-de-afiliados-aldo-urzua\/","title":{"rendered":"Recibimos capacitaci\u00f3n en Ciudad Ju\u00e1rez, llevamos buen n\u00famero de afiliados: Aldo Urz\u00faa"},"content":{"rendered":"<p data-start=\"119\" data-end=\"760\"><span>Aldo Urz\u00faa Loredo declar\u00f3 recientemente que en Ciudad Ju\u00e1rez se llev\u00f3 a cabo una capacitaci\u00f3n estatal sobre el proceso de afiliaci\u00f3n de Morena, evento que cont\u00f3 con la presencia de Andr\u00e9s Manuel L\u00f3pez Beltr\u00e1n, hijo del expresidente de M\u00e9xico.<\/span><\/p>\n<p data-start=\"119\" data-end=\"760\"><span>Durante la capacitaci\u00f3n, se abordaron aspectos clave de la afiliaci\u00f3n a nivel nacional, considerada la actividad m\u00e1s importante que el partido llevar\u00e1 a cabo este a\u00f1o, seg\u00fan Urz\u00faa, Chihuahua tuvo un buen desempe\u00f1o en el proceso, ubic\u00e1ndose aproximadamente en los medios nacionales en n\u00famero de afiliados, aunque no se proporcionaron cifras oficiales.<\/span><\/p>\n<p data-start=\"762\" data-end=\"1201\"><span>El hijo del expresidente explic\u00f3 a los asistentes la importancia del trato con los ciudadanos durante el proceso de afiliaci\u00f3n y destac\u00f3 la relevancia de establecer una conexi\u00f3n directa con la militancia, Urz\u00faa se\u00f1al\u00f3 que la capacitaci\u00f3n se realiz\u00f3 a puerta cerrada, pero posteriormente se anunci\u00f3 que los dem\u00e1s grupos del partido en la ciudad tambi\u00e9n recibir\u00e1n las herramientas necesarias para participar en este esfuerzo de afiliaci\u00f3n.<\/span><\/p>\n<p data-start=\"1203\" data-end=\"1567\"><span>Seg\u00fan Urz\u00faa Loredo, Morena se ha propuesto la meta de alcanzar los 10 millones de afiliados en todo el pa\u00eds durante el presente a\u00f1o, hasta la primera mitad de febrero, el secretario de organizaci\u00f3n del partido inform\u00f3 que ya se ha superado el mill\u00f3n de afiliaciones, Urz\u00faa se mostr\u00f3 optimista y asegur\u00f3 que el objetivo es alcanzable dentro del plazo establecido.<\/span><\/p>\n<p data-start=\"1569\" data-end=\"1975\"><span>En lo que respeta al municipio de Delicias, el militante reconoci\u00f3 que el n\u00famero de afiliados en campo es reducido, por lo que inst\u00f3 a los referentes del partido a sumarse activamente al proceso, destac\u00f3 la importancia de que Morena pueda llegar a todos los sectores del municipio para ampliar su base de militantes, aunque admiti\u00f3 que a\u00fan no cuentan con un porcentaje exacto de afiliaciones logradas.<\/span><\/p>\n<p data-start=\"1977\" data-end=\"2353\" data-is-last-node=\"\"><span>Finalmente, Urz\u00faa subray\u00f3 la relevancia de este operativo para la consolidaci\u00f3n del partido en todo el pa\u00eds y reiter\u00f3 que Chihuahua ha tenido una participaci\u00f3n destacada en el proceso, con la capacitaci\u00f3n y las herramientas proporcionadas a los distintos grupos, Morena busca fortalecer su estructura y cumplir con su ambicioso meta de afiliaci\u00f3n antes de que concluya el a\u00f1o.<\/span><\/p>\n<p data-start=\"1977\" data-end=\"2353\" data-is-last-node=\"\"><img loading=\"lazy\" decoding=\"async\" class=\"alignnone size-medium wp-image-2383\" src=\"https:\/\/lavozdedelicias.com\/wp-content\/uploads\/2025\/02\/WhatsApp-Image-2025-02-14-at-5.10.45-PM-138x300.jpeg\" alt=\"\" width=\"138\" height=\"300\" srcset=\"https:\/\/lavozdedelicias.com\/wp-content\/uploads\/2025\/02\/WhatsApp-Image-2025-02-14-at-5.10.45-PM-138x300.jpeg 138w, https:\/\/lavozdedelicias.com\/wp-content\/uploads\/2025\/02\/WhatsApp-Image-2025-02-14-at-5.10.45-PM-472x1024.jpeg 472w, https:\/\/lavozdedelicias.com\/wp-content\/uploads\/2025\/02\/WhatsApp-Image-2025-02-14-at-5.10.45-PM-708x1536.jpeg 708w, https:\/\/lavozdedelicias.com\/wp-content\/uploads\/2025\/02\/WhatsApp-Image-2025-02-14-at-5.10.45-PM.jpeg 738w\" sizes=\"auto, (max-width: 138px) 100vw, 138px\" \/> <img loading=\"lazy\" decoding=\"async\" class=\"alignnone size-medium wp-image-2384\" src=\"https:\/\/lavozdedelicias.com\/wp-content\/uploads\/2025\/02\/WhatsApp-Image-2025-02-14-at-6.08.43-PM-225x300.jpeg\" alt=\"\" width=\"225\" height=\"300\" srcset=\"https:\/\/lavozdedelicias.com\/wp-content\/uploads\/2025\/02\/WhatsApp-Image-2025-02-14-at-6.08.43-PM-225x300.jpeg 225w, https:\/\/lavozdedelicias.com\/wp-content\/uploads\/2025\/02\/WhatsApp-Image-2025-02-14-at-6.08.43-PM-768x1024.jpeg 768w, https:\/\/lavozdedelicias.com\/wp-content\/uploads\/2025\/02\/WhatsApp-Image-2025-02-14-at-6.08.43-PM-1152x1536.jpeg 1152w, https:\/\/lavozdedelicias.com\/wp-content\/uploads\/2025\/02\/WhatsApp-Image-2025-02-14-at-6.08.43-PM.jpeg 1200w\" sizes=\"auto, (max-width: 225px) 100vw, 225px\" \/><\/p>\n","protected":false},"excerpt":{"rendered":"<p>Aldo Urz\u00faa Loredo declar\u00f3 recientemente que en Ciudad Ju\u00e1rez se llev\u00f3 a cabo una capacitaci\u00f3n estatal sobre el proceso de afiliaci\u00f3n de Morena, evento que cont\u00f3 con la presencia de Andr\u00e9s Manuel L\u00f3pez Beltr\u00e1n, hijo del expresidente de M\u00e9xico. Durante la capacitaci\u00f3n, se abordaron aspectos clave de la afiliaci\u00f3n a nivel nacional, considerada la actividad &hellip;<\/p>\n","protected":false},"author":2,"featured_media":2383,"comment_status":"open","ping_status":"closed","sticky":false,"template":"","format":"standard","meta":{"footnotes":""},"categories":[23],"tags":[],"class_list":["post-2382","post","type-post","status-publish","format-standard","has-post-thumbnail","hentry","category-delicias"],"_links":{"self":[{"href":"https:\/\/lavozdedelicias.com\/index.php\/wp-json\/wp\/v2\/posts\/2382","targetHints":{"allow":["GET"]}}],"collection":[{"href":"https:\/\/lavozdedelicias.com\/index.php\/wp-json\/wp\/v2\/posts"}],"about":[{"href":"https:\/\/lavozdedelicias.com\/index.php\/wp-json\/wp\/v2\/types\/post"}],"author":[{"embeddable":true,"href":"https:\/\/lavozdedelicias.com\/index.php\/wp-json\/wp\/v2\/users\/2"}],"replies":[{"embeddable":true,"href":"https:\/\/lavozdedelicias.com\/index.php\/wp-json\/wp\/v2\/comments?post=2382"}],"version-history":[{"count":1,"href":"https:\/\/lavozdedelicias.com\/index.php\/wp-json\/wp\/v2\/posts\/2382\/revisions"}],"predecessor-version":[{"id":2385,"href":"https:\/\/lavozdedelicias.com\/index.php\/wp-json\/wp\/v2\/posts\/2382\/revisions\/2385"}],"wp:featuredmedia":[{"embeddable":true,"href":"https:\/\/lavozdedelicias.com\/index.php\/wp-json\/wp\/v2\/media\/2383"}],"wp:attachment":[{"href":"https:\/\/lavozdedelicias.com\/index.php\/wp-json\/wp\/v2\/media?parent=2382"}],"wp:term":[{"taxonomy":"category","embeddable":true,"href":"https:\/\/lavozdedelicias.com\/index.php\/wp-json\/wp\/v2\/categories?post=2382"},{"taxonomy":"post_tag","embeddable":true,"href":"https:\/\/lavozdedelicias.com\/index.php\/wp-json\/wp\/v2\/tags?post=2382"}],"curies":[{"name":"wp","href":"https:\/\/api.w.org\/{rel}","templated":true}]}}